{"id":2566,"date":"2021-07-18T23:02:40","date_gmt":"2021-07-18T21:02:40","guid":{"rendered":"https:\/\/www.avocats-baffou-dallet.fr\/?p=2566"},"modified":"2026-01-19T22:44:45","modified_gmt":"2026-01-19T21:44:45","slug":"son-mari-sterile-est-bien-le-pere-de-son-enfant","status":"publish","type":"post","link":"https:\/\/www.atlas-avocats.fr\/index.php\/2021\/07\/18\/son-mari-sterile-est-bien-le-pere-de-son-enfant\/","title":{"rendered":"Son mari st\u00e9rile est bien le p\u00e8re de son enfant"},"content":{"rendered":"\n<p><strong>Sa vasectomie n\u2019a pas fonctionn\u00e9 dans les d\u00e9lais habituels\u2009: il se croyait st\u00e9rile, il est redevenu papa. Le couple attaque le m\u00e9decin en justice pour n\u00e9gligence.<\/strong><\/p>\n\n\n\n<p>Le petit Daynn est \u00e2g\u00e9 d&rsquo;un peu plus de 5 ans. Ses parents, un couple de Thouars (Deux-S\u00e8vres), \u00e9taient pourtant loin d&rsquo;imaginer qu&rsquo;ils allaient avoir un septi\u00e8me enfant. Et pour cause\u2009: le papa avait subi une vasectomie plus d&rsquo;un an auparavant.<\/p>\n\n\n\n<p>C&rsquo;est lorsque Cathy Sanchez apprend qu&rsquo;elle est enceinte pour la sixi\u00e8me fois, \u00e0 38 ans, que son mari subit une op\u00e9ration pour devenir st\u00e9rile, r\u00e9alis\u00e9e par un chirurgien de Thouars, \u00e0 l&rsquo;\u00e9t\u00e9 2007.<\/p>\n\n\n\n<p>\u00ab\u00a0\u2009Sept ans de gal\u00e8re\u2009\u00a0\u00bb<\/p>\n\n\n\n<p>\u00ab En juillet 2008, j&rsquo;ai eu une petite \u00e9ventration, car j&rsquo;avais eu trois c\u00e9sariennes \u00bb, raconte Cathy Sanchez. C&rsquo;est le m\u00eame m\u00e9decin qui op\u00e8re. A ce moment-l\u00e0 pourtant, Cathy a des sympt\u00f4mes de grossesse. Pour lui, elle ne peut pas \u00eatre enceinte. Des complications obligent la m\u00e8re de famille \u00e0 passer des radios et \u00e0 \u00eatre op\u00e9r\u00e9e de nouveau. Quelques jours plus tard, un test et c&rsquo;est la consternation\u2009:&nbsp;\u00ab J&rsquo;\u00e9tais enceinte d&rsquo;un mois et demi. \u00bb<br>Les m\u00e9decins craignent de graves s\u00e9quelles pour l&rsquo;enfant\u2009: ils conseillent l&rsquo;avortement. Hors de question pour le couple. Finalement, le petit Daynn est n\u00e9 en pleine sant\u00e9.<br>Comment Cathy a-t-elle pu tomber enceinte avec un mari st\u00e9rile\u2009? Une r\u00e9ponse facile s&rsquo;impose\u2009: la maman a forc\u00e9ment \u00ab faut\u00e9 \u00bb avec un autre homme. Mais elle d\u00e9ment cat\u00e9goriquement.&nbsp;\u00ab D\u00e8s que j&rsquo;ai su que j&rsquo;\u00e9tais enceinte et qu&rsquo;on m&rsquo;a trait\u00e9e de menteuse, j&rsquo;ai port\u00e9 plainte. \u00bbElle reproche au m\u00e9decin de n&rsquo;avoir pas effectu\u00e9 de v\u00e9rifications postop\u00e9ratoires de la st\u00e9rilit\u00e9 de son mari, ni de test de grossesse avant de l&rsquo;op\u00e9rer.<br>La justice nomme alors un expert, qui confirme que le mari de Cathy est bien st\u00e9rile. Le chirurgien a r\u00e9ussi son acte&nbsp;(*). La maman ne d\u00e9sarme pas et, avec l&rsquo;aide de son avocat, Thierry Dallet, le couple obtient un test ADN\u2009: le mari est bien le p\u00e8re (&nbsp;lire ci-dessous). Pour Thierry Dallet,&nbsp;\u00ab c&rsquo;est sans pr\u00e9c\u00e9dent. Cela remet en cause les donn\u00e9es scientifiquement admises sur la vasectomie. Normalement, les risques r\u00e9siduels de fertilit\u00e9 durent au maximum vingt-quatre semaines. Pour M. Sanchez, on est bien au-del\u00e0 d&rsquo;une ann\u00e9e. \u00bb<br>L&rsquo;affaire a entra\u00een\u00e9 le couple dans&nbsp;\u00ab sept ans de gal\u00e8re \u00bb,durant lesquels Cathy a subi des accusations d&rsquo;infid\u00e9lit\u00e9, vu sa famille boulevers\u00e9e et surtout, sa grossesse difficile, termin\u00e9e par une quatri\u00e8me c\u00e9sarienne, a eu de graves cons\u00e9quences sur sa sant\u00e9\u2009:&nbsp;\u00ab J&rsquo;ai une plaque de 17 cm dans le ventre et je ne peux pas travailler sans l&rsquo;aide d&rsquo;organismes pour les personnes handicap\u00e9es. \u00bb<br>Le couple demande \u00e0 \u00eatre indemnis\u00e9 \u00e0 la fois pour le pr\u00e9judice moral et les s\u00e9quelles de Cathy. L&rsquo;affaire sera plaid\u00e9e au tribunal de grande instance de Niort au plus tard en janvier 2015, pour une d\u00e9cision en f\u00e9vrier.<\/p>\n\n\n\n<p>\u200b<\/p>\n\n\n\n<p>(*) Nous n&rsquo;avons pas pu joindre son avocat.<\/p>\n\n\n\n<p><strong>REPERES :&nbsp;<\/strong><\/p>\n\n\n\n<p>Difficile d&rsquo;obtenir un test ADN pour prouver sa paternit\u00e9<\/p>\n\n\n\n<p>Plusieurs ann\u00e9es durant, Cathy Sanchez a d\u00fb subir les lourdes suspicions d&rsquo;infid\u00e9lit\u00e9 des m\u00e9decins comme de ses proches. \u00ab Heureusement, on est une famille unie, mais toutes mes amies m&rsquo;ont tourn\u00e9 le dos, il y a eu des frictions avec ma famille\u2026 Pour mes enfants, \u00e7a a \u00e9t\u00e9 tr\u00e8s dur. Tout \u00e7a nous a fait beaucoup de mal \u00bb, raconte la m\u00e8re de famille.<br>Ces soup\u00e7ons pouvaient \u00eatre lev\u00e9s avec un simple test ADN. Mais il a fallu beaucoup de patience au couple, car il n&rsquo;est pas si simple d&rsquo;en obtenir un.<br>\u00ab En France, on ne fait pas de test ADN sans d\u00e9cision de justice \u00bb, explique Thierry Dallet, avocat des parents thouarsais. Le tribunal administratif, o\u00f9 \u00e9tait examin\u00e9e l&rsquo;affaire avant d&rsquo;\u00eatre redirig\u00e9e vers le tribunal civil, a refus\u00e9 de faire r\u00e9aliser le test de paternit\u00e9 par l&rsquo;expert nomm\u00e9 pour v\u00e9rifier si la vasectomie avait \u00e9t\u00e9 correctement r\u00e9alis\u00e9e.<br>Pour enfin prouver que le mari de Cathy Sanchez \u00e9tait bien le p\u00e8re du petit Daynn, bien apr\u00e8s sa naissance, le couple n&rsquo;a donc pas eu d&rsquo;autre choix que de se lancer dans une proc\u00e9dure contentieuse. \u00ab Mon mari a d\u00fb porter plainte contre moi, dire qu&rsquo;il contestait sa paternit\u00e9 \u00bb, raconte Cathy Sanchez, bien que les deux Thouarsais aient toujours eu confiance l&rsquo;un envers l&rsquo;autre.<\/p>\n","protected":false},"excerpt":{"rendered":"<p>Sa vasectomie n\u2019a pas fonctionn\u00e9 dans les d\u00e9lais habituels\u2009: il se croyait st\u00e9rile, il est redevenu papa. Le couple attaque le m\u00e9decin en justice pour n\u00e9gligence. Le petit Daynn est \u00e2g\u00e9 d&rsquo;un peu plus de 5 ans. Ses parents, un couple de Thouars (Deux-S\u00e8vres), \u00e9taient pourtant loin d&rsquo;imaginer qu&rsquo;ils allaient avoir un septi\u00e8me enfant. Et [&hellip;]<\/p>\n","protected":false},"author":1,"featured_media":2720,"comment_status":"open","ping_status":"open","sticky":false,"template":"","format":"standard","meta":{"ocean_post_layout":"","ocean_both_sidebars_style":"","ocean_both_sidebars_content_width":0,"ocean_both_sidebars_sidebars_width":0,"ocean_sidebar":"0","ocean_second_sidebar":"0","ocean_disable_margins":"enable","ocean_add_body_class":"","ocean_shortcode_before_top_bar":"","ocean_shortcode_after_top_bar":"","ocean_shortcode_before_header":"","ocean_shortcode_after_header":"","ocean_has_shortcode":"","ocean_shortcode_after_title":"","ocean_shortcode_before_footer_widgets":"","ocean_shortcode_after_footer_widgets":"","ocean_shortcode_before_footer_bottom":"","ocean_shortcode_after_footer_bottom":"","ocean_display_top_bar":"default","ocean_display_header":"default","ocean_header_style":"","ocean_center_header_left_menu":"0","ocean_custom_header_template":"0","ocean_custom_logo":0,"ocean_custom_retina_logo":0,"ocean_custom_logo_max_width":0,"ocean_custom_logo_tablet_max_width":0,"ocean_custom_logo_mobile_max_width":0,"ocean_custom_logo_max_height":0,"ocean_custom_logo_tablet_max_height":0,"ocean_custom_logo_mobile_max_height":0,"ocean_header_custom_menu":"0","ocean_menu_typo_font_family":"0","ocean_menu_typo_font_subset":"","ocean_menu_typo_font_size":0,"ocean_menu_typo_font_size_tablet":0,"ocean_menu_typo_font_size_mobile":0,"ocean_menu_typo_font_size_unit":"px","ocean_menu_typo_font_weight":"","ocean_menu_typo_font_weight_tablet":"","ocean_menu_typo_font_weight_mobile":"","ocean_menu_typo_transform":"","ocean_menu_typo_transform_tablet":"","ocean_menu_typo_transform_mobile":"","ocean_menu_typo_line_height":0,"ocean_menu_typo_line_height_tablet":0,"ocean_menu_typo_line_height_mobile":0,"ocean_menu_typo_line_height_unit":"","ocean_menu_typo_spacing":0,"ocean_menu_typo_spacing_tablet":0,"ocean_menu_typo_spacing_mobile":0,"ocean_menu_typo_spacing_unit":"","ocean_menu_link_color":"","ocean_menu_link_color_hover":"","ocean_menu_link_color_active":"","ocean_menu_link_background":"","ocean_menu_link_hover_background":"","ocean_menu_link_active_background":"","ocean_menu_social_links_bg":"","ocean_menu_social_hover_links_bg":"","ocean_menu_social_links_color":"","ocean_menu_social_hover_links_color":"","ocean_disable_title":"default","ocean_disable_heading":"default","ocean_post_title":"","ocean_post_subheading":"","ocean_post_title_style":"","ocean_post_title_background_color":"","ocean_post_title_background":0,"ocean_post_title_bg_image_position":"","ocean_post_title_bg_image_attachment":"","ocean_post_title_bg_image_repeat":"","ocean_post_title_bg_image_size":"","ocean_post_title_height":0,"ocean_post_title_bg_overlay":0.5,"ocean_post_title_bg_overlay_color":"","ocean_disable_breadcrumbs":"default","ocean_breadcrumbs_color":"","ocean_breadcrumbs_separator_color":"","ocean_breadcrumbs_links_color":"","ocean_breadcrumbs_links_hover_color":"","ocean_display_footer_widgets":"default","ocean_display_footer_bottom":"default","ocean_custom_footer_template":"0","osh_disable_topbar_sticky":"default","osh_disable_header_sticky":"default","osh_sticky_header_style":"default","osh_sticky_header_effect":"","osh_custom_sticky_logo":0,"osh_custom_retina_sticky_logo":0,"osh_custom_sticky_logo_height":0,"osh_background_color":"","osh_links_color":"","osh_links_hover_color":"","osh_links_active_color":"","osh_links_bg_color":"","osh_links_hover_bg_color":"","osh_links_active_bg_color":"","osh_menu_social_links_color":"","osh_menu_social_hover_links_color":"","ocean_post_oembed":"","ocean_post_self_hosted_media":"","ocean_post_video_embed":"","ocean_link_format":"","ocean_link_format_target":"self","ocean_quote_format":"","ocean_quote_format_link":"post","ocean_gallery_link_images":"off","ocean_gallery_id":[],"footnotes":""},"categories":[1],"tags":[],"class_list":["post-2566","post","type-post","status-publish","format-standard","has-post-thumbnail","hentry","category-non-classe","entry","has-media"],"yoast_head":"<!-- This site is optimized with the Yoast SEO plugin v26.9 - https:\/\/yoast.com\/product\/yoast-seo-wordpress\/ -->\n<title>Son mari st\u00e9rile est bien le p\u00e8re de son enfant - Atlas Avocats - Thouars - Deux S\u00e8vres<\/title>\n<meta name=\"robots\" content=\"index, follow, max-snippet:-1, max-image-preview:large, max-video-preview:-1\" \/>\n<link rel=\"canonical\" href=\"https:\/\/www.atlas-avocats.fr\/index.php\/2021\/07\/18\/son-mari-sterile-est-bien-le-pere-de-son-enfant\/\" \/>\n<meta property=\"og:locale\" content=\"fr_FR\" \/>\n<meta property=\"og:type\" content=\"article\" \/>\n<meta property=\"og:title\" content=\"Son mari st\u00e9rile est bien le p\u00e8re de son enfant - Atlas Avocats - Thouars - Deux S\u00e8vres\" \/>\n<meta property=\"og:description\" content=\"Sa vasectomie n\u2019a pas fonctionn\u00e9 dans les d\u00e9lais habituels\u2009: il se croyait st\u00e9rile, il est redevenu papa. Le couple attaque le m\u00e9decin en justice pour n\u00e9gligence. Le petit Daynn est \u00e2g\u00e9 d&rsquo;un peu plus de 5 ans. Ses parents, un couple de Thouars (Deux-S\u00e8vres), \u00e9taient pourtant loin d&rsquo;imaginer qu&rsquo;ils allaient avoir un septi\u00e8me enfant. Et [&hellip;]\" \/>\n<meta property=\"og:url\" content=\"https:\/\/www.atlas-avocats.fr\/index.php\/2021\/07\/18\/son-mari-sterile-est-bien-le-pere-de-son-enfant\/\" \/>\n<meta property=\"og:site_name\" content=\"Atlas Avocats - Thouars - Deux S\u00e8vres\" \/>\n<meta property=\"article:published_time\" content=\"2021-07-18T21:02:40+00:00\" \/>\n<meta property=\"article:modified_time\" content=\"2026-01-19T21:44:45+00:00\" \/>\n<meta property=\"og:image\" content=\"https:\/\/www.atlas-avocats.fr\/wp-content\/uploads\/2026\/01\/logo-vertical-atlas_rvb.png\" \/>\n\t<meta property=\"og:image:width\" content=\"616\" \/>\n\t<meta property=\"og:image:height\" content=\"851\" \/>\n\t<meta property=\"og:image:type\" content=\"image\/png\" \/>\n<meta name=\"author\" content=\"Admin_ag\" \/>\n<meta name=\"twitter:card\" content=\"summary_large_image\" \/>\n<meta name=\"twitter:label1\" content=\"\u00c9crit par\" \/>\n\t<meta name=\"twitter:data1\" content=\"Admin_ag\" \/>\n\t<meta name=\"twitter:label2\" content=\"Dur\u00e9e de lecture estim\u00e9e\" \/>\n\t<meta name=\"twitter:data2\" content=\"4 minutes\" \/>\n<script type=\"application\/ld+json\" class=\"yoast-schema-graph\">{\"@context\":\"https:\/\/schema.org\",\"@graph\":[{\"@type\":\"Article\",\"@id\":\"https:\/\/www.atlas-avocats.fr\/index.php\/2021\/07\/18\/son-mari-sterile-est-bien-le-pere-de-son-enfant\/#article\",\"isPartOf\":{\"@id\":\"https:\/\/www.atlas-avocats.fr\/index.php\/2021\/07\/18\/son-mari-sterile-est-bien-le-pere-de-son-enfant\/\"},\"author\":{\"name\":\"Admin_ag\",\"@id\":\"https:\/\/www.atlas-avocats.fr\/#\/schema\/person\/273547936af632a2bcf56ec46ec4210d\"},\"headline\":\"Son mari st\u00e9rile est bien le p\u00e8re de son enfant\",\"datePublished\":\"2021-07-18T21:02:40+00:00\",\"dateModified\":\"2026-01-19T21:44:45+00:00\",\"mainEntityOfPage\":{\"@id\":\"https:\/\/www.atlas-avocats.fr\/index.php\/2021\/07\/18\/son-mari-sterile-est-bien-le-pere-de-son-enfant\/\"},\"wordCount\":813,\"commentCount\":0,\"publisher\":{\"@id\":\"https:\/\/www.atlas-avocats.fr\/#organization\"},\"image\":{\"@id\":\"https:\/\/www.atlas-avocats.fr\/index.php\/2021\/07\/18\/son-mari-sterile-est-bien-le-pere-de-son-enfant\/#primaryimage\"},\"thumbnailUrl\":\"https:\/\/www.atlas-avocats.fr\/wp-content\/uploads\/2026\/01\/logo-vertical-atlas_rvb.png\",\"inLanguage\":\"fr-FR\",\"potentialAction\":[{\"@type\":\"CommentAction\",\"name\":\"Comment\",\"target\":[\"https:\/\/www.atlas-avocats.fr\/index.php\/2021\/07\/18\/son-mari-sterile-est-bien-le-pere-de-son-enfant\/#respond\"]}]},{\"@type\":\"WebPage\",\"@id\":\"https:\/\/www.atlas-avocats.fr\/index.php\/2021\/07\/18\/son-mari-sterile-est-bien-le-pere-de-son-enfant\/\",\"url\":\"https:\/\/www.atlas-avocats.fr\/index.php\/2021\/07\/18\/son-mari-sterile-est-bien-le-pere-de-son-enfant\/\",\"name\":\"Son mari st\u00e9rile est bien le p\u00e8re de son enfant - Atlas Avocats - Thouars - Deux S\u00e8vres\",\"isPartOf\":{\"@id\":\"https:\/\/www.atlas-avocats.fr\/#website\"},\"primaryImageOfPage\":{\"@id\":\"https:\/\/www.atlas-avocats.fr\/index.php\/2021\/07\/18\/son-mari-sterile-est-bien-le-pere-de-son-enfant\/#primaryimage\"},\"image\":{\"@id\":\"https:\/\/www.atlas-avocats.fr\/index.php\/2021\/07\/18\/son-mari-sterile-est-bien-le-pere-de-son-enfant\/#primaryimage\"},\"thumbnailUrl\":\"https:\/\/www.atlas-avocats.fr\/wp-content\/uploads\/2026\/01\/logo-vertical-atlas_rvb.png\",\"datePublished\":\"2021-07-18T21:02:40+00:00\",\"dateModified\":\"2026-01-19T21:44:45+00:00\",\"breadcrumb\":{\"@id\":\"https:\/\/www.atlas-avocats.fr\/index.php\/2021\/07\/18\/son-mari-sterile-est-bien-le-pere-de-son-enfant\/#breadcrumb\"},\"inLanguage\":\"fr-FR\",\"potentialAction\":[{\"@type\":\"ReadAction\",\"target\":[\"https:\/\/www.atlas-avocats.fr\/index.php\/2021\/07\/18\/son-mari-sterile-est-bien-le-pere-de-son-enfant\/\"]}]},{\"@type\":\"ImageObject\",\"inLanguage\":\"fr-FR\",\"@id\":\"https:\/\/www.atlas-avocats.fr\/index.php\/2021\/07\/18\/son-mari-sterile-est-bien-le-pere-de-son-enfant\/#primaryimage\",\"url\":\"https:\/\/www.atlas-avocats.fr\/wp-content\/uploads\/2026\/01\/logo-vertical-atlas_rvb.png\",\"contentUrl\":\"https:\/\/www.atlas-avocats.fr\/wp-content\/uploads\/2026\/01\/logo-vertical-atlas_rvb.png\",\"width\":616,\"height\":851},{\"@type\":\"BreadcrumbList\",\"@id\":\"https:\/\/www.atlas-avocats.fr\/index.php\/2021\/07\/18\/son-mari-sterile-est-bien-le-pere-de-son-enfant\/#breadcrumb\",\"itemListElement\":[{\"@type\":\"ListItem\",\"position\":1,\"name\":\"Accueil\",\"item\":\"https:\/\/www.atlas-avocats.fr\/\"},{\"@type\":\"ListItem\",\"position\":2,\"name\":\"Son mari st\u00e9rile est bien le p\u00e8re de son enfant\"}]},{\"@type\":\"WebSite\",\"@id\":\"https:\/\/www.atlas-avocats.fr\/#website\",\"url\":\"https:\/\/www.atlas-avocats.fr\/\",\"name\":\"Atlas Avocats - Thouars - Deux S\u00e8vres\",\"description\":\"Cabinet d&#039;avocats\",\"publisher\":{\"@id\":\"https:\/\/www.atlas-avocats.fr\/#organization\"},\"potentialAction\":[{\"@type\":\"SearchAction\",\"target\":{\"@type\":\"EntryPoint\",\"urlTemplate\":\"https:\/\/www.atlas-avocats.fr\/?s={search_term_string}\"},\"query-input\":{\"@type\":\"PropertyValueSpecification\",\"valueRequired\":true,\"valueName\":\"search_term_string\"}}],\"inLanguage\":\"fr-FR\"},{\"@type\":\"Organization\",\"@id\":\"https:\/\/www.atlas-avocats.fr\/#organization\",\"name\":\"Atlas Avocats - Thouars - Deux S\u00e8vres\",\"url\":\"https:\/\/www.atlas-avocats.fr\/\",\"logo\":{\"@type\":\"ImageObject\",\"inLanguage\":\"fr-FR\",\"@id\":\"https:\/\/www.atlas-avocats.fr\/#\/schema\/logo\/image\/\",\"url\":\"https:\/\/www.atlas-avocats.fr\/wp-content\/uploads\/2026\/01\/logo-vertical-atlas_rvb.png\",\"contentUrl\":\"https:\/\/www.atlas-avocats.fr\/wp-content\/uploads\/2026\/01\/logo-vertical-atlas_rvb.png\",\"width\":616,\"height\":851,\"caption\":\"Atlas Avocats - Thouars - Deux S\u00e8vres\"},\"image\":{\"@id\":\"https:\/\/www.atlas-avocats.fr\/#\/schema\/logo\/image\/\"}},{\"@type\":\"Person\",\"@id\":\"https:\/\/www.atlas-avocats.fr\/#\/schema\/person\/273547936af632a2bcf56ec46ec4210d\",\"name\":\"Admin_ag\",\"image\":{\"@type\":\"ImageObject\",\"inLanguage\":\"fr-FR\",\"@id\":\"https:\/\/www.atlas-avocats.fr\/#\/schema\/person\/image\/\",\"url\":\"https:\/\/secure.gravatar.com\/avatar\/299deb2b5d26c46502f84e7304cc6a61a2858561931cdd6626dff616c7b75726?s=96&d=mm&r=g\",\"contentUrl\":\"https:\/\/secure.gravatar.com\/avatar\/299deb2b5d26c46502f84e7304cc6a61a2858561931cdd6626dff616c7b75726?s=96&d=mm&r=g\",\"caption\":\"Admin_ag\"},\"url\":\"https:\/\/www.atlas-avocats.fr\/index.php\/author\/admin_ag\/\"}]}<\/script>\n<!-- \/ Yoast SEO plugin. -->","yoast_head_json":{"title":"Son mari st\u00e9rile est bien le p\u00e8re de son enfant - Atlas Avocats - Thouars - Deux S\u00e8vres","robots":{"index":"index","follow":"follow","max-snippet":"max-snippet:-1","max-image-preview":"max-image-preview:large","max-video-preview":"max-video-preview:-1"},"canonical":"https:\/\/www.atlas-avocats.fr\/index.php\/2021\/07\/18\/son-mari-sterile-est-bien-le-pere-de-son-enfant\/","og_locale":"fr_FR","og_type":"article","og_title":"Son mari st\u00e9rile est bien le p\u00e8re de son enfant - Atlas Avocats - Thouars - Deux S\u00e8vres","og_description":"Sa vasectomie n\u2019a pas fonctionn\u00e9 dans les d\u00e9lais habituels\u2009: il se croyait st\u00e9rile, il est redevenu papa. Le couple attaque le m\u00e9decin en justice pour n\u00e9gligence. Le petit Daynn est \u00e2g\u00e9 d&rsquo;un peu plus de 5 ans. Ses parents, un couple de Thouars (Deux-S\u00e8vres), \u00e9taient pourtant loin d&rsquo;imaginer qu&rsquo;ils allaient avoir un septi\u00e8me enfant. Et [&hellip;]","og_url":"https:\/\/www.atlas-avocats.fr\/index.php\/2021\/07\/18\/son-mari-sterile-est-bien-le-pere-de-son-enfant\/","og_site_name":"Atlas Avocats - Thouars - Deux S\u00e8vres","article_published_time":"2021-07-18T21:02:40+00:00","article_modified_time":"2026-01-19T21:44:45+00:00","og_image":[{"width":616,"height":851,"url":"https:\/\/www.atlas-avocats.fr\/wp-content\/uploads\/2026\/01\/logo-vertical-atlas_rvb.png","type":"image\/png"}],"author":"Admin_ag","twitter_card":"summary_large_image","twitter_misc":{"\u00c9crit par":"Admin_ag","Dur\u00e9e de lecture estim\u00e9e":"4 minutes"},"schema":{"@context":"https:\/\/schema.org","@graph":[{"@type":"Article","@id":"https:\/\/www.atlas-avocats.fr\/index.php\/2021\/07\/18\/son-mari-sterile-est-bien-le-pere-de-son-enfant\/#article","isPartOf":{"@id":"https:\/\/www.atlas-avocats.fr\/index.php\/2021\/07\/18\/son-mari-sterile-est-bien-le-pere-de-son-enfant\/"},"author":{"name":"Admin_ag","@id":"https:\/\/www.atlas-avocats.fr\/#\/schema\/person\/273547936af632a2bcf56ec46ec4210d"},"headline":"Son mari st\u00e9rile est bien le p\u00e8re de son enfant","datePublished":"2021-07-18T21:02:40+00:00","dateModified":"2026-01-19T21:44:45+00:00","mainEntityOfPage":{"@id":"https:\/\/www.atlas-avocats.fr\/index.php\/2021\/07\/18\/son-mari-sterile-est-bien-le-pere-de-son-enfant\/"},"wordCount":813,"commentCount":0,"publisher":{"@id":"https:\/\/www.atlas-avocats.fr\/#organization"},"image":{"@id":"https:\/\/www.atlas-avocats.fr\/index.php\/2021\/07\/18\/son-mari-sterile-est-bien-le-pere-de-son-enfant\/#primaryimage"},"thumbnailUrl":"https:\/\/www.atlas-avocats.fr\/wp-content\/uploads\/2026\/01\/logo-vertical-atlas_rvb.png","inLanguage":"fr-FR","potentialAction":[{"@type":"CommentAction","name":"Comment","target":["https:\/\/www.atlas-avocats.fr\/index.php\/2021\/07\/18\/son-mari-sterile-est-bien-le-pere-de-son-enfant\/#respond"]}]},{"@type":"WebPage","@id":"https:\/\/www.atlas-avocats.fr\/index.php\/2021\/07\/18\/son-mari-sterile-est-bien-le-pere-de-son-enfant\/","url":"https:\/\/www.atlas-avocats.fr\/index.php\/2021\/07\/18\/son-mari-sterile-est-bien-le-pere-de-son-enfant\/","name":"Son mari st\u00e9rile est bien le p\u00e8re de son enfant - Atlas Avocats - Thouars - Deux S\u00e8vres","isPartOf":{"@id":"https:\/\/www.atlas-avocats.fr\/#website"},"primaryImageOfPage":{"@id":"https:\/\/www.atlas-avocats.fr\/index.php\/2021\/07\/18\/son-mari-sterile-est-bien-le-pere-de-son-enfant\/#primaryimage"},"image":{"@id":"https:\/\/www.atlas-avocats.fr\/index.php\/2021\/07\/18\/son-mari-sterile-est-bien-le-pere-de-son-enfant\/#primaryimage"},"thumbnailUrl":"https:\/\/www.atlas-avocats.fr\/wp-content\/uploads\/2026\/01\/logo-vertical-atlas_rvb.png","datePublished":"2021-07-18T21:02:40+00:00","dateModified":"2026-01-19T21:44:45+00:00","breadcrumb":{"@id":"https:\/\/www.atlas-avocats.fr\/index.php\/2021\/07\/18\/son-mari-sterile-est-bien-le-pere-de-son-enfant\/#breadcrumb"},"inLanguage":"fr-FR","potentialAction":[{"@type":"ReadAction","target":["https:\/\/www.atlas-avocats.fr\/index.php\/2021\/07\/18\/son-mari-sterile-est-bien-le-pere-de-son-enfant\/"]}]},{"@type":"ImageObject","inLanguage":"fr-FR","@id":"https:\/\/www.atlas-avocats.fr\/index.php\/2021\/07\/18\/son-mari-sterile-est-bien-le-pere-de-son-enfant\/#primaryimage","url":"https:\/\/www.atlas-avocats.fr\/wp-content\/uploads\/2026\/01\/logo-vertical-atlas_rvb.png","contentUrl":"https:\/\/www.atlas-avocats.fr\/wp-content\/uploads\/2026\/01\/logo-vertical-atlas_rvb.png","width":616,"height":851},{"@type":"BreadcrumbList","@id":"https:\/\/www.atlas-avocats.fr\/index.php\/2021\/07\/18\/son-mari-sterile-est-bien-le-pere-de-son-enfant\/#breadcrumb","itemListElement":[{"@type":"ListItem","position":1,"name":"Accueil","item":"https:\/\/www.atlas-avocats.fr\/"},{"@type":"ListItem","position":2,"name":"Son mari st\u00e9rile est bien le p\u00e8re de son enfant"}]},{"@type":"WebSite","@id":"https:\/\/www.atlas-avocats.fr\/#website","url":"https:\/\/www.atlas-avocats.fr\/","name":"Atlas Avocats - Thouars - Deux S\u00e8vres","description":"Cabinet d&#039;avocats","publisher":{"@id":"https:\/\/www.atlas-avocats.fr\/#organization"},"potentialAction":[{"@type":"SearchAction","target":{"@type":"EntryPoint","urlTemplate":"https:\/\/www.atlas-avocats.fr\/?s={search_term_string}"},"query-input":{"@type":"PropertyValueSpecification","valueRequired":true,"valueName":"search_term_string"}}],"inLanguage":"fr-FR"},{"@type":"Organization","@id":"https:\/\/www.atlas-avocats.fr\/#organization","name":"Atlas Avocats - Thouars - Deux S\u00e8vres","url":"https:\/\/www.atlas-avocats.fr\/","logo":{"@type":"ImageObject","inLanguage":"fr-FR","@id":"https:\/\/www.atlas-avocats.fr\/#\/schema\/logo\/image\/","url":"https:\/\/www.atlas-avocats.fr\/wp-content\/uploads\/2026\/01\/logo-vertical-atlas_rvb.png","contentUrl":"https:\/\/www.atlas-avocats.fr\/wp-content\/uploads\/2026\/01\/logo-vertical-atlas_rvb.png","width":616,"height":851,"caption":"Atlas Avocats - Thouars - Deux S\u00e8vres"},"image":{"@id":"https:\/\/www.atlas-avocats.fr\/#\/schema\/logo\/image\/"}},{"@type":"Person","@id":"https:\/\/www.atlas-avocats.fr\/#\/schema\/person\/273547936af632a2bcf56ec46ec4210d","name":"Admin_ag","image":{"@type":"ImageObject","inLanguage":"fr-FR","@id":"https:\/\/www.atlas-avocats.fr\/#\/schema\/person\/image\/","url":"https:\/\/secure.gravatar.com\/avatar\/299deb2b5d26c46502f84e7304cc6a61a2858561931cdd6626dff616c7b75726?s=96&d=mm&r=g","contentUrl":"https:\/\/secure.gravatar.com\/avatar\/299deb2b5d26c46502f84e7304cc6a61a2858561931cdd6626dff616c7b75726?s=96&d=mm&r=g","caption":"Admin_ag"},"url":"https:\/\/www.atlas-avocats.fr\/index.php\/author\/admin_ag\/"}]}},"_links":{"self":[{"href":"https:\/\/www.atlas-avocats.fr\/index.php\/wp-json\/wp\/v2\/posts\/2566","targetHints":{"allow":["GET"]}}],"collection":[{"href":"https:\/\/www.atlas-avocats.fr\/index.php\/wp-json\/wp\/v2\/posts"}],"about":[{"href":"https:\/\/www.atlas-avocats.fr\/index.php\/wp-json\/wp\/v2\/types\/post"}],"author":[{"embeddable":true,"href":"https:\/\/www.atlas-avocats.fr\/index.php\/wp-json\/wp\/v2\/users\/1"}],"replies":[{"embeddable":true,"href":"https:\/\/www.atlas-avocats.fr\/index.php\/wp-json\/wp\/v2\/comments?post=2566"}],"version-history":[{"count":1,"href":"https:\/\/www.atlas-avocats.fr\/index.php\/wp-json\/wp\/v2\/posts\/2566\/revisions"}],"predecessor-version":[{"id":2567,"href":"https:\/\/www.atlas-avocats.fr\/index.php\/wp-json\/wp\/v2\/posts\/2566\/revisions\/2567"}],"wp:featuredmedia":[{"embeddable":true,"href":"https:\/\/www.atlas-avocats.fr\/index.php\/wp-json\/wp\/v2\/media\/2720"}],"wp:attachment":[{"href":"https:\/\/www.atlas-avocats.fr\/index.php\/wp-json\/wp\/v2\/media?parent=2566"}],"wp:term":[{"taxonomy":"category","embeddable":true,"href":"https:\/\/www.atlas-avocats.fr\/index.php\/wp-json\/wp\/v2\/categories?post=2566"},{"taxonomy":"post_tag","embeddable":true,"href":"https:\/\/www.atlas-avocats.fr\/index.php\/wp-json\/wp\/v2\/tags?post=2566"}],"curies":[{"name":"wp","href":"https:\/\/api.w.org\/{rel}","templated":true}]}}