{"id":2537,"date":"2021-07-18T19:11:15","date_gmt":"2021-07-18T17:11:15","guid":{"rendered":"https:\/\/www.avocats-baffou-dallet.fr\/?p=2537"},"modified":"2021-07-18T22:55:49","modified_gmt":"2021-07-18T20:55:49","slug":"me-thierry-dallet-avocat-au-barreau-des-deux-sevres-assigne-letat-en-justice-car-lun-de-ses-clients-attend-un-jugement-depuis-plus-de-huit-mois","status":"publish","type":"post","link":"https:\/\/www.atlas-avocats.fr\/index.php\/2021\/07\/18\/me-thierry-dallet-avocat-au-barreau-des-deux-sevres-assigne-letat-en-justice-car-lun-de-ses-clients-attend-un-jugement-depuis-plus-de-huit-mois\/","title":{"rendered":"Me Thierry Dallet, avocat au barreau des Deux-S\u00e8vres, assigne l\u2019\u00c9tat en justice."},"content":{"rendered":"\n<p>Cela fait plus de huit mois qu\u2019ils attendent la d\u00e9cision de la justice. Huit mois de plus pour ce septuag\u00e9naire du Thouarsais \u00e0 vivre dans une maison&nbsp;<em>\u00ab&nbsp;insalubre&nbsp;\u00bb<\/em>, selon l\u2019adjectif employ\u00e9 par son avocat Me Thierry Dallet. Alors que le jugement aurait d\u00fb \u00eatre rendu le 7&nbsp;septembre&nbsp;2020, le conseil et son client sont toujours dans l\u2019attente. Et c\u2019est l\u2019incompr\u00e9hension. Dans un dossier que l\u2019avocat thouarsais estime&nbsp;<em>\u00ab&nbsp;sans complexit\u00e9 particuli\u00e8re, ni sur le plan juridique, ni sur le plan factuel&nbsp;\u00bb<\/em>.<br>Retour en 2017. Le septuag\u00e9naire d\u00e9cide de faire poser des panneaux photovolta\u00efques sur la maison dont il est propri\u00e9taire dans le Thouarsais. Des travaux pr\u00e9vus en deux \u00e9tapes. Voil\u00e0 que, d\u00e8s le d\u00e9but du chantier, les premiers probl\u00e8mes apparaissent. L\u2019homme remarque des infiltrations d\u2019eau de pluie. Des discussions sont engag\u00e9es avec la soci\u00e9t\u00e9 de pose. Mais n\u2019aboutissent pas. Il n\u2019y a finalement pas de r\u00e9ception de chantier. Les infiltrations persistent et&nbsp;<em>\u00ab&nbsp;d\u00e9gradent une grande partie des pi\u00e8ces habitables&nbsp;\u00bb<\/em>, selon Me Dallet. Un huissier de justice vient constater les d\u00e9g\u00e2ts en novembre&nbsp;2017.<br>Toute la toiture \u00e0 refaireUne expertise judiciaire est \u00e9galement r\u00e9alis\u00e9e, suite \u00e0 une d\u00e9cision du juge des r\u00e9f\u00e9r\u00e9s en juillet&nbsp;2018. L\u2019expert rend son rapport en f\u00e9vrier&nbsp;2019. Il en ressort notamment que le&nbsp;<em>\u00ab&nbsp;support des panneaux est inadapt\u00e9&nbsp;\u00bb<\/em>&nbsp;et que certaines fixations sont absentes. Il pr\u00e9conise d\u2019importants travaux, dont la dur\u00e9e est estim\u00e9e \u00e0 21&nbsp;jours. La r\u00e9fection compl\u00e8te de la toiture est n\u00e9cessaire. Suite \u00e0 ces conclusions, le tribunal judiciaire de Niort est saisi et l\u2019entreprise est assign\u00e9e devant la justice civile. L\u2019audience de plaidoirie s\u2019est tenue le 22&nbsp;juin&nbsp;2020&nbsp;et le jugement a \u00e9t\u00e9 mis en d\u00e9lib\u00e9r\u00e9 au 7&nbsp;septembre&nbsp;2020. Mais il n\u2019a pas encore \u00e9t\u00e9 rendu. Le septuag\u00e9naire, via Me Dallet, a sollicit\u00e9 par courrier, \u00e0 trois reprises, le pr\u00e9sident du tribunal judiciaire de Niort,&nbsp;<em>\u00ab&nbsp;qui n\u2019\u00e9tait pas le magistrat qui pr\u00e9sidait l\u2019audience&nbsp;\u00bb<\/em>, pr\u00e9cise le conseil.<br>En attendant, aucuns travaux n\u2019ont \u00e9t\u00e9 engag\u00e9s et l\u2019homme vit toujours dans la maison dans&nbsp;<em>\u00ab&nbsp;des conditions pr\u00e9caires et inacceptables&nbsp;\u00bb<\/em>, insiste l\u2019avocat.<br>Un pr\u00e9judice de plus de 30.000&nbsp;\u20acDe plus, l\u2019entreprise a d\u00e9pos\u00e9 le bilan en f\u00e9vrier&nbsp;2021&nbsp;et a fait l\u2019objet d\u2019une liquidation judiciaire le 14&nbsp;avril.&nbsp;<em>\u00ab&nbsp;Le syst\u00e8me est kafka\u00efen. Tout est bloqu\u00e9 et le justiciable en fait les frais&nbsp;\u00bb<\/em>, peste Me Dallet. Il poursuit&nbsp;:&nbsp;<em>\u00ab&nbsp;L\u2019entreprise est en liquidation judiciaire. On a donc une perte de chance tr\u00e8s s\u00e9rieuse d\u2019obtenir r\u00e9paration. On ne sera jamais indemnis\u00e9 par cette entreprise en totale d\u00e9confiture&nbsp;!&nbsp;\u00bb<\/em>&nbsp;Le conseil pr\u00e9cise que son client a&nbsp;<em>\u00ab&nbsp;des revenus modestes&nbsp;\u00bb<\/em>&nbsp;et n\u2019a pas les moyens de financer les travaux n\u00e9cessaires.<br>Face \u00e0 cette situation et ce d\u00e9lai aux cons\u00e9quences importantes pour son client, Me&nbsp;Thierry Dallet a donc d\u00e9cid\u00e9 d\u2019engager une action en responsabilit\u00e9 contre l\u2019\u00c9tat pour faute lourde et d\u00e9ni de justice.<br>Il demande que l\u2019\u00c9tat soit condamn\u00e9 \u00e0 verser plus de 30.000&nbsp;\u20ac \u00e0 son client en r\u00e9paration du pr\u00e9judice subi. Somme qui avait \u00e9t\u00e9 demand\u00e9e devant le tribunal judiciaire dans la proc\u00e9dure engag\u00e9e contre l\u2019entreprise.<br>Mais quid de cette affaire qui pourrait donc \u00eatre jug\u00e9 par le tribunal judiciaire de Niort, qui justement n\u2019a pas encore rendu le fameux jugement&nbsp;?&nbsp;<em>\u00ab&nbsp;Je fais confiance \u00e0 la capacit\u00e9 de discernement du tribunal et au pr\u00e9sident, qui n\u2019y est pour rien&nbsp;\u00bb<\/em>, souligne Me Thierry Dallet qui n\u2019a pas souhait\u00e9 demander une d\u00e9localisation de l\u2019affaire dans une autre juridiction.<\/p>\n\n\n\n<h2 class=\"wp-block-heading\">\u2022\u2022\u2022 Un d\u00e9lai li\u00e9 \u00e0 \u00ab des difficult\u00e9s inh\u00e9rentes \u00bb au tribunal de Niort<\/h2>\n\n\n\n<p>Le pr\u00e9sident du tribunal judiciaire de Niort, Matthieu Duclos, confirme que ce d\u00e9lai est anormalement long&nbsp;:&nbsp;<em>\u00ab&nbsp;D\u2019habitude, c\u2019est plut\u00f4t deux mois que huit.&nbsp;\u00bb<\/em>&nbsp;Le magistrat pr\u00e9cise que cela&nbsp;<em>\u00ab&nbsp;s\u2019explique par des difficult\u00e9s inh\u00e9rentes \u00e0 la juridiction&nbsp;\u00bb&nbsp;<\/em>en terme d\u2019effectifs. Il indique que le jugement va \u00eatre notifi\u00e9&nbsp;<em>\u00ab&nbsp;dans les prochains jours&nbsp;\u00bb<\/em>. Ce qui ne met cependant pas un terme \u00e0 la proc\u00e9dure engag\u00e9e par Me&nbsp;Thierry Dallet, qui souhaite que l\u2019\u00c9tat soir condamn\u00e9 \u00e0 indemniser son client du pr\u00e9judice subi. Si l\u2019avocat n\u2019a pas demand\u00e9 de d\u00e9localisation de l\u2019affaire, pour le pr\u00e9sident du tribunal, il ne fait aucun doute que ce sera le cas. Difficile d\u2019imaginer effectivement qu\u2019un juge niortais puisse statuer sur une \u00e9ventuelle faute commise par le tribunal judiciaire de Niort.<\/p>\n\n\n\n<p>publi\u00e9 par la Nouvelle R\u00e9publique le&nbsp;22\/05\/2021 \u00e0 06:25<\/p>\n","protected":false},"excerpt":{"rendered":"<p>Cela fait plus de huit mois qu\u2019ils attendent la d\u00e9cision de la justice. Huit mois de plus pour ce septuag\u00e9naire du Thouarsais \u00e0 vivre dans une maison&nbsp;\u00ab&nbsp;insalubre&nbsp;\u00bb, selon l\u2019adjectif employ\u00e9 par son avocat Me Thierry Dallet. Alors que le jugement aurait d\u00fb \u00eatre rendu le 7&nbsp;septembre&nbsp;2020, le conseil et son client sont toujours dans l\u2019attente. [&hellip;]<\/p>\n","protected":false},"author":1,"featured_media":2557,"comment_status":"open","ping_status":"open","sticky":false,"template":"","format":"standard","meta":{"ocean_post_layout":"","ocean_both_sidebars_style":"","ocean_both_sidebars_content_width":0,"ocean_both_sidebars_sidebars_width":0,"ocean_sidebar":"0","ocean_second_sidebar":"0","ocean_disable_margins":"enable","ocean_add_body_class":"","ocean_shortcode_before_top_bar":"","ocean_shortcode_after_top_bar":"","ocean_shortcode_before_header":"","ocean_shortcode_after_header":"","ocean_has_shortcode":"","ocean_shortcode_after_title":"","ocean_shortcode_before_footer_widgets":"","ocean_shortcode_after_footer_widgets":"","ocean_shortcode_before_footer_bottom":"","ocean_shortcode_after_footer_bottom":"","ocean_display_top_bar":"default","ocean_display_header":"default","ocean_header_style":"","ocean_center_header_left_menu":"0","ocean_custom_header_template":"0","ocean_custom_logo":0,"ocean_custom_retina_logo":0,"ocean_custom_logo_max_width":0,"ocean_custom_logo_tablet_max_width":0,"ocean_custom_logo_mobile_max_width":0,"ocean_custom_logo_max_height":0,"ocean_custom_logo_tablet_max_height":0,"ocean_custom_logo_mobile_max_height":0,"ocean_header_custom_menu":"0","ocean_menu_typo_font_family":"0","ocean_menu_typo_font_subset":"","ocean_menu_typo_font_size":0,"ocean_menu_typo_font_size_tablet":0,"ocean_menu_typo_font_size_mobile":0,"ocean_menu_typo_font_size_unit":"px","ocean_menu_typo_font_weight":"","ocean_menu_typo_font_weight_tablet":"","ocean_menu_typo_font_weight_mobile":"","ocean_menu_typo_transform":"","ocean_menu_typo_transform_tablet":"","ocean_menu_typo_transform_mobile":"","ocean_menu_typo_line_height":0,"ocean_menu_typo_line_height_tablet":0,"ocean_menu_typo_line_height_mobile":0,"ocean_menu_typo_line_height_unit":"","ocean_menu_typo_spacing":0,"ocean_menu_typo_spacing_tablet":0,"ocean_menu_typo_spacing_mobile":0,"ocean_menu_typo_spacing_unit":"","ocean_menu_link_color":"","ocean_menu_link_color_hover":"","ocean_menu_link_color_active":"","ocean_menu_link_background":"","ocean_menu_link_hover_background":"","ocean_menu_link_active_background":"","ocean_menu_social_links_bg":"","ocean_menu_social_hover_links_bg":"","ocean_menu_social_links_color":"","ocean_menu_social_hover_links_color":"","ocean_disable_title":"default","ocean_disable_heading":"default","ocean_post_title":"","ocean_post_subheading":"","ocean_post_title_style":"","ocean_post_title_background_color":"","ocean_post_title_background":0,"ocean_post_title_bg_image_position":"","ocean_post_title_bg_image_attachment":"","ocean_post_title_bg_image_repeat":"","ocean_post_title_bg_image_size":"","ocean_post_title_height":0,"ocean_post_title_bg_overlay":0.5,"ocean_post_title_bg_overlay_color":"","ocean_disable_breadcrumbs":"default","ocean_breadcrumbs_color":"","ocean_breadcrumbs_separator_color":"","ocean_breadcrumbs_links_color":"","ocean_breadcrumbs_links_hover_color":"","ocean_display_footer_widgets":"default","ocean_display_footer_bottom":"default","ocean_custom_footer_template":"0","osh_disable_topbar_sticky":"default","osh_disable_header_sticky":"default","osh_sticky_header_style":"default","osh_sticky_header_effect":"","osh_custom_sticky_logo":0,"osh_custom_retina_sticky_logo":0,"osh_custom_sticky_logo_height":0,"osh_background_color":"","osh_links_color":"","osh_links_hover_color":"","osh_links_active_color":"","osh_links_bg_color":"","osh_links_hover_bg_color":"","osh_links_active_bg_color":"","osh_menu_social_links_color":"","osh_menu_social_hover_links_color":"","ocean_post_oembed":"","ocean_post_self_hosted_media":"","ocean_post_video_embed":"","ocean_link_format":"","ocean_link_format_target":"self","ocean_quote_format":"","ocean_quote_format_link":"post","ocean_gallery_link_images":"off","ocean_gallery_id":[],"footnotes":""},"categories":[1],"tags":[],"class_list":["post-2537","post","type-post","status-publish","format-standard","has-post-thumbnail","hentry","category-non-classe","entry","has-media"],"yoast_head":"<!-- This site is optimized with the Yoast SEO plugin v26.9 - https:\/\/yoast.com\/product\/yoast-seo-wordpress\/ -->\n<title>Me Thierry Dallet, avocat au barreau des Deux-S\u00e8vres, assigne l\u2019\u00c9tat en justice. - Atlas Avocats - Thouars - Deux S\u00e8vres<\/title>\n<meta name=\"robots\" content=\"index, follow, max-snippet:-1, max-image-preview:large, max-video-preview:-1\" \/>\n<link rel=\"canonical\" href=\"https:\/\/www.atlas-avocats.fr\/index.php\/2021\/07\/18\/me-thierry-dallet-avocat-au-barreau-des-deux-sevres-assigne-letat-en-justice-car-lun-de-ses-clients-attend-un-jugement-depuis-plus-de-huit-mois\/\" \/>\n<meta property=\"og:locale\" content=\"fr_FR\" \/>\n<meta property=\"og:type\" content=\"article\" \/>\n<meta property=\"og:title\" content=\"Me Thierry Dallet, avocat au barreau des Deux-S\u00e8vres, assigne l\u2019\u00c9tat en justice. - Atlas Avocats - Thouars - Deux S\u00e8vres\" \/>\n<meta property=\"og:description\" content=\"Cela fait plus de huit mois qu\u2019ils attendent la d\u00e9cision de la justice. Huit mois de plus pour ce septuag\u00e9naire du Thouarsais \u00e0 vivre dans une maison&nbsp;\u00ab&nbsp;insalubre&nbsp;\u00bb, selon l\u2019adjectif employ\u00e9 par son avocat Me Thierry Dallet. Alors que le jugement aurait d\u00fb \u00eatre rendu le 7&nbsp;septembre&nbsp;2020, le conseil et son client sont toujours dans l\u2019attente. [&hellip;]\" \/>\n<meta property=\"og:url\" content=\"https:\/\/www.atlas-avocats.fr\/index.php\/2021\/07\/18\/me-thierry-dallet-avocat-au-barreau-des-deux-sevres-assigne-letat-en-justice-car-lun-de-ses-clients-attend-un-jugement-depuis-plus-de-huit-mois\/\" \/>\n<meta property=\"og:site_name\" content=\"Atlas Avocats - Thouars - Deux S\u00e8vres\" \/>\n<meta property=\"article:published_time\" content=\"2021-07-18T17:11:15+00:00\" \/>\n<meta property=\"article:modified_time\" content=\"2021-07-18T20:55:49+00:00\" \/>\n<meta property=\"og:image\" content=\"https:\/\/www.atlas-avocats.fr\/wp-content\/uploads\/2021\/07\/telechargement-1.jpg\" \/>\n\t<meta property=\"og:image:width\" content=\"300\" \/>\n\t<meta property=\"og:image:height\" content=\"168\" \/>\n\t<meta property=\"og:image:type\" content=\"image\/jpeg\" \/>\n<meta name=\"author\" content=\"Admin_ag\" \/>\n<meta name=\"twitter:card\" content=\"summary_large_image\" \/>\n<meta name=\"twitter:label1\" content=\"\u00c9crit par\" \/>\n\t<meta name=\"twitter:data1\" content=\"Admin_ag\" \/>\n\t<meta name=\"twitter:label2\" content=\"Dur\u00e9e de lecture estim\u00e9e\" \/>\n\t<meta name=\"twitter:data2\" content=\"4 minutes\" \/>\n<script type=\"application\/ld+json\" class=\"yoast-schema-graph\">{\"@context\":\"https:\/\/schema.org\",\"@graph\":[{\"@type\":\"Article\",\"@id\":\"https:\/\/www.atlas-avocats.fr\/index.php\/2021\/07\/18\/me-thierry-dallet-avocat-au-barreau-des-deux-sevres-assigne-letat-en-justice-car-lun-de-ses-clients-attend-un-jugement-depuis-plus-de-huit-mois\/#article\",\"isPartOf\":{\"@id\":\"https:\/\/www.atlas-avocats.fr\/index.php\/2021\/07\/18\/me-thierry-dallet-avocat-au-barreau-des-deux-sevres-assigne-letat-en-justice-car-lun-de-ses-clients-attend-un-jugement-depuis-plus-de-huit-mois\/\"},\"author\":{\"name\":\"Admin_ag\",\"@id\":\"https:\/\/www.atlas-avocats.fr\/#\/schema\/person\/273547936af632a2bcf56ec46ec4210d\"},\"headline\":\"Me Thierry Dallet, avocat au barreau des Deux-S\u00e8vres, assigne l\u2019\u00c9tat en justice.\",\"datePublished\":\"2021-07-18T17:11:15+00:00\",\"dateModified\":\"2021-07-18T20:55:49+00:00\",\"mainEntityOfPage\":{\"@id\":\"https:\/\/www.atlas-avocats.fr\/index.php\/2021\/07\/18\/me-thierry-dallet-avocat-au-barreau-des-deux-sevres-assigne-letat-en-justice-car-lun-de-ses-clients-attend-un-jugement-depuis-plus-de-huit-mois\/\"},\"wordCount\":871,\"commentCount\":0,\"publisher\":{\"@id\":\"https:\/\/www.atlas-avocats.fr\/#organization\"},\"image\":{\"@id\":\"https:\/\/www.atlas-avocats.fr\/index.php\/2021\/07\/18\/me-thierry-dallet-avocat-au-barreau-des-deux-sevres-assigne-letat-en-justice-car-lun-de-ses-clients-attend-un-jugement-depuis-plus-de-huit-mois\/#primaryimage\"},\"thumbnailUrl\":\"https:\/\/www.atlas-avocats.fr\/wp-content\/uploads\/2021\/07\/telechargement-1.jpg\",\"inLanguage\":\"fr-FR\",\"potentialAction\":[{\"@type\":\"CommentAction\",\"name\":\"Comment\",\"target\":[\"https:\/\/www.atlas-avocats.fr\/index.php\/2021\/07\/18\/me-thierry-dallet-avocat-au-barreau-des-deux-sevres-assigne-letat-en-justice-car-lun-de-ses-clients-attend-un-jugement-depuis-plus-de-huit-mois\/#respond\"]}]},{\"@type\":\"WebPage\",\"@id\":\"https:\/\/www.atlas-avocats.fr\/index.php\/2021\/07\/18\/me-thierry-dallet-avocat-au-barreau-des-deux-sevres-assigne-letat-en-justice-car-lun-de-ses-clients-attend-un-jugement-depuis-plus-de-huit-mois\/\",\"url\":\"https:\/\/www.atlas-avocats.fr\/index.php\/2021\/07\/18\/me-thierry-dallet-avocat-au-barreau-des-deux-sevres-assigne-letat-en-justice-car-lun-de-ses-clients-attend-un-jugement-depuis-plus-de-huit-mois\/\",\"name\":\"Me Thierry Dallet, avocat au barreau des Deux-S\u00e8vres, assigne l\u2019\u00c9tat en justice. - Atlas Avocats - Thouars - Deux S\u00e8vres\",\"isPartOf\":{\"@id\":\"https:\/\/www.atlas-avocats.fr\/#website\"},\"primaryImageOfPage\":{\"@id\":\"https:\/\/www.atlas-avocats.fr\/index.php\/2021\/07\/18\/me-thierry-dallet-avocat-au-barreau-des-deux-sevres-assigne-letat-en-justice-car-lun-de-ses-clients-attend-un-jugement-depuis-plus-de-huit-mois\/#primaryimage\"},\"image\":{\"@id\":\"https:\/\/www.atlas-avocats.fr\/index.php\/2021\/07\/18\/me-thierry-dallet-avocat-au-barreau-des-deux-sevres-assigne-letat-en-justice-car-lun-de-ses-clients-attend-un-jugement-depuis-plus-de-huit-mois\/#primaryimage\"},\"thumbnailUrl\":\"https:\/\/www.atlas-avocats.fr\/wp-content\/uploads\/2021\/07\/telechargement-1.jpg\",\"datePublished\":\"2021-07-18T17:11:15+00:00\",\"dateModified\":\"2021-07-18T20:55:49+00:00\",\"breadcrumb\":{\"@id\":\"https:\/\/www.atlas-avocats.fr\/index.php\/2021\/07\/18\/me-thierry-dallet-avocat-au-barreau-des-deux-sevres-assigne-letat-en-justice-car-lun-de-ses-clients-attend-un-jugement-depuis-plus-de-huit-mois\/#breadcrumb\"},\"inLanguage\":\"fr-FR\",\"potentialAction\":[{\"@type\":\"ReadAction\",\"target\":[\"https:\/\/www.atlas-avocats.fr\/index.php\/2021\/07\/18\/me-thierry-dallet-avocat-au-barreau-des-deux-sevres-assigne-letat-en-justice-car-lun-de-ses-clients-attend-un-jugement-depuis-plus-de-huit-mois\/\"]}]},{\"@type\":\"ImageObject\",\"inLanguage\":\"fr-FR\",\"@id\":\"https:\/\/www.atlas-avocats.fr\/index.php\/2021\/07\/18\/me-thierry-dallet-avocat-au-barreau-des-deux-sevres-assigne-letat-en-justice-car-lun-de-ses-clients-attend-un-jugement-depuis-plus-de-huit-mois\/#primaryimage\",\"url\":\"https:\/\/www.atlas-avocats.fr\/wp-content\/uploads\/2021\/07\/telechargement-1.jpg\",\"contentUrl\":\"https:\/\/www.atlas-avocats.fr\/wp-content\/uploads\/2021\/07\/telechargement-1.jpg\",\"width\":300,\"height\":168},{\"@type\":\"BreadcrumbList\",\"@id\":\"https:\/\/www.atlas-avocats.fr\/index.php\/2021\/07\/18\/me-thierry-dallet-avocat-au-barreau-des-deux-sevres-assigne-letat-en-justice-car-lun-de-ses-clients-attend-un-jugement-depuis-plus-de-huit-mois\/#breadcrumb\",\"itemListElement\":[{\"@type\":\"ListItem\",\"position\":1,\"name\":\"Accueil\",\"item\":\"https:\/\/www.atlas-avocats.fr\/\"},{\"@type\":\"ListItem\",\"position\":2,\"name\":\"Me Thierry Dallet, avocat au barreau des Deux-S\u00e8vres, assigne l\u2019\u00c9tat en justice.\"}]},{\"@type\":\"WebSite\",\"@id\":\"https:\/\/www.atlas-avocats.fr\/#website\",\"url\":\"https:\/\/www.atlas-avocats.fr\/\",\"name\":\"Atlas Avocats - Thouars - Deux S\u00e8vres\",\"description\":\"Cabinet d&#039;avocats\",\"publisher\":{\"@id\":\"https:\/\/www.atlas-avocats.fr\/#organization\"},\"potentialAction\":[{\"@type\":\"SearchAction\",\"target\":{\"@type\":\"EntryPoint\",\"urlTemplate\":\"https:\/\/www.atlas-avocats.fr\/?s={search_term_string}\"},\"query-input\":{\"@type\":\"PropertyValueSpecification\",\"valueRequired\":true,\"valueName\":\"search_term_string\"}}],\"inLanguage\":\"fr-FR\"},{\"@type\":\"Organization\",\"@id\":\"https:\/\/www.atlas-avocats.fr\/#organization\",\"name\":\"Atlas Avocats - Thouars - Deux S\u00e8vres\",\"url\":\"https:\/\/www.atlas-avocats.fr\/\",\"logo\":{\"@type\":\"ImageObject\",\"inLanguage\":\"fr-FR\",\"@id\":\"https:\/\/www.atlas-avocats.fr\/#\/schema\/logo\/image\/\",\"url\":\"https:\/\/www.atlas-avocats.fr\/wp-content\/uploads\/2026\/01\/logo-vertical-atlas_rvb.png\",\"contentUrl\":\"https:\/\/www.atlas-avocats.fr\/wp-content\/uploads\/2026\/01\/logo-vertical-atlas_rvb.png\",\"width\":616,\"height\":851,\"caption\":\"Atlas Avocats - Thouars - Deux S\u00e8vres\"},\"image\":{\"@id\":\"https:\/\/www.atlas-avocats.fr\/#\/schema\/logo\/image\/\"}},{\"@type\":\"Person\",\"@id\":\"https:\/\/www.atlas-avocats.fr\/#\/schema\/person\/273547936af632a2bcf56ec46ec4210d\",\"name\":\"Admin_ag\",\"image\":{\"@type\":\"ImageObject\",\"inLanguage\":\"fr-FR\",\"@id\":\"https:\/\/www.atlas-avocats.fr\/#\/schema\/person\/image\/\",\"url\":\"https:\/\/secure.gravatar.com\/avatar\/299deb2b5d26c46502f84e7304cc6a61a2858561931cdd6626dff616c7b75726?s=96&d=mm&r=g\",\"contentUrl\":\"https:\/\/secure.gravatar.com\/avatar\/299deb2b5d26c46502f84e7304cc6a61a2858561931cdd6626dff616c7b75726?s=96&d=mm&r=g\",\"caption\":\"Admin_ag\"},\"url\":\"https:\/\/www.atlas-avocats.fr\/index.php\/author\/admin_ag\/\"}]}<\/script>\n<!-- \/ Yoast SEO plugin. -->","yoast_head_json":{"title":"Me Thierry Dallet, avocat au barreau des Deux-S\u00e8vres, assigne l\u2019\u00c9tat en justice. - Atlas Avocats - Thouars - Deux S\u00e8vres","robots":{"index":"index","follow":"follow","max-snippet":"max-snippet:-1","max-image-preview":"max-image-preview:large","max-video-preview":"max-video-preview:-1"},"canonical":"https:\/\/www.atlas-avocats.fr\/index.php\/2021\/07\/18\/me-thierry-dallet-avocat-au-barreau-des-deux-sevres-assigne-letat-en-justice-car-lun-de-ses-clients-attend-un-jugement-depuis-plus-de-huit-mois\/","og_locale":"fr_FR","og_type":"article","og_title":"Me Thierry Dallet, avocat au barreau des Deux-S\u00e8vres, assigne l\u2019\u00c9tat en justice. - Atlas Avocats - Thouars - Deux S\u00e8vres","og_description":"Cela fait plus de huit mois qu\u2019ils attendent la d\u00e9cision de la justice. Huit mois de plus pour ce septuag\u00e9naire du Thouarsais \u00e0 vivre dans une maison&nbsp;\u00ab&nbsp;insalubre&nbsp;\u00bb, selon l\u2019adjectif employ\u00e9 par son avocat Me Thierry Dallet. Alors que le jugement aurait d\u00fb \u00eatre rendu le 7&nbsp;septembre&nbsp;2020, le conseil et son client sont toujours dans l\u2019attente. [&hellip;]","og_url":"https:\/\/www.atlas-avocats.fr\/index.php\/2021\/07\/18\/me-thierry-dallet-avocat-au-barreau-des-deux-sevres-assigne-letat-en-justice-car-lun-de-ses-clients-attend-un-jugement-depuis-plus-de-huit-mois\/","og_site_name":"Atlas Avocats - Thouars - Deux S\u00e8vres","article_published_time":"2021-07-18T17:11:15+00:00","article_modified_time":"2021-07-18T20:55:49+00:00","og_image":[{"width":300,"height":168,"url":"https:\/\/www.atlas-avocats.fr\/wp-content\/uploads\/2021\/07\/telechargement-1.jpg","type":"image\/jpeg"}],"author":"Admin_ag","twitter_card":"summary_large_image","twitter_misc":{"\u00c9crit par":"Admin_ag","Dur\u00e9e de lecture estim\u00e9e":"4 minutes"},"schema":{"@context":"https:\/\/schema.org","@graph":[{"@type":"Article","@id":"https:\/\/www.atlas-avocats.fr\/index.php\/2021\/07\/18\/me-thierry-dallet-avocat-au-barreau-des-deux-sevres-assigne-letat-en-justice-car-lun-de-ses-clients-attend-un-jugement-depuis-plus-de-huit-mois\/#article","isPartOf":{"@id":"https:\/\/www.atlas-avocats.fr\/index.php\/2021\/07\/18\/me-thierry-dallet-avocat-au-barreau-des-deux-sevres-assigne-letat-en-justice-car-lun-de-ses-clients-attend-un-jugement-depuis-plus-de-huit-mois\/"},"author":{"name":"Admin_ag","@id":"https:\/\/www.atlas-avocats.fr\/#\/schema\/person\/273547936af632a2bcf56ec46ec4210d"},"headline":"Me Thierry Dallet, avocat au barreau des Deux-S\u00e8vres, assigne l\u2019\u00c9tat en justice.","datePublished":"2021-07-18T17:11:15+00:00","dateModified":"2021-07-18T20:55:49+00:00","mainEntityOfPage":{"@id":"https:\/\/www.atlas-avocats.fr\/index.php\/2021\/07\/18\/me-thierry-dallet-avocat-au-barreau-des-deux-sevres-assigne-letat-en-justice-car-lun-de-ses-clients-attend-un-jugement-depuis-plus-de-huit-mois\/"},"wordCount":871,"commentCount":0,"publisher":{"@id":"https:\/\/www.atlas-avocats.fr\/#organization"},"image":{"@id":"https:\/\/www.atlas-avocats.fr\/index.php\/2021\/07\/18\/me-thierry-dallet-avocat-au-barreau-des-deux-sevres-assigne-letat-en-justice-car-lun-de-ses-clients-attend-un-jugement-depuis-plus-de-huit-mois\/#primaryimage"},"thumbnailUrl":"https:\/\/www.atlas-avocats.fr\/wp-content\/uploads\/2021\/07\/telechargement-1.jpg","inLanguage":"fr-FR","potentialAction":[{"@type":"CommentAction","name":"Comment","target":["https:\/\/www.atlas-avocats.fr\/index.php\/2021\/07\/18\/me-thierry-dallet-avocat-au-barreau-des-deux-sevres-assigne-letat-en-justice-car-lun-de-ses-clients-attend-un-jugement-depuis-plus-de-huit-mois\/#respond"]}]},{"@type":"WebPage","@id":"https:\/\/www.atlas-avocats.fr\/index.php\/2021\/07\/18\/me-thierry-dallet-avocat-au-barreau-des-deux-sevres-assigne-letat-en-justice-car-lun-de-ses-clients-attend-un-jugement-depuis-plus-de-huit-mois\/","url":"https:\/\/www.atlas-avocats.fr\/index.php\/2021\/07\/18\/me-thierry-dallet-avocat-au-barreau-des-deux-sevres-assigne-letat-en-justice-car-lun-de-ses-clients-attend-un-jugement-depuis-plus-de-huit-mois\/","name":"Me Thierry Dallet, avocat au barreau des Deux-S\u00e8vres, assigne l\u2019\u00c9tat en justice. - Atlas Avocats - Thouars - Deux S\u00e8vres","isPartOf":{"@id":"https:\/\/www.atlas-avocats.fr\/#website"},"primaryImageOfPage":{"@id":"https:\/\/www.atlas-avocats.fr\/index.php\/2021\/07\/18\/me-thierry-dallet-avocat-au-barreau-des-deux-sevres-assigne-letat-en-justice-car-lun-de-ses-clients-attend-un-jugement-depuis-plus-de-huit-mois\/#primaryimage"},"image":{"@id":"https:\/\/www.atlas-avocats.fr\/index.php\/2021\/07\/18\/me-thierry-dallet-avocat-au-barreau-des-deux-sevres-assigne-letat-en-justice-car-lun-de-ses-clients-attend-un-jugement-depuis-plus-de-huit-mois\/#primaryimage"},"thumbnailUrl":"https:\/\/www.atlas-avocats.fr\/wp-content\/uploads\/2021\/07\/telechargement-1.jpg","datePublished":"2021-07-18T17:11:15+00:00","dateModified":"2021-07-18T20:55:49+00:00","breadcrumb":{"@id":"https:\/\/www.atlas-avocats.fr\/index.php\/2021\/07\/18\/me-thierry-dallet-avocat-au-barreau-des-deux-sevres-assigne-letat-en-justice-car-lun-de-ses-clients-attend-un-jugement-depuis-plus-de-huit-mois\/#breadcrumb"},"inLanguage":"fr-FR","potentialAction":[{"@type":"ReadAction","target":["https:\/\/www.atlas-avocats.fr\/index.php\/2021\/07\/18\/me-thierry-dallet-avocat-au-barreau-des-deux-sevres-assigne-letat-en-justice-car-lun-de-ses-clients-attend-un-jugement-depuis-plus-de-huit-mois\/"]}]},{"@type":"ImageObject","inLanguage":"fr-FR","@id":"https:\/\/www.atlas-avocats.fr\/index.php\/2021\/07\/18\/me-thierry-dallet-avocat-au-barreau-des-deux-sevres-assigne-letat-en-justice-car-lun-de-ses-clients-attend-un-jugement-depuis-plus-de-huit-mois\/#primaryimage","url":"https:\/\/www.atlas-avocats.fr\/wp-content\/uploads\/2021\/07\/telechargement-1.jpg","contentUrl":"https:\/\/www.atlas-avocats.fr\/wp-content\/uploads\/2021\/07\/telechargement-1.jpg","width":300,"height":168},{"@type":"BreadcrumbList","@id":"https:\/\/www.atlas-avocats.fr\/index.php\/2021\/07\/18\/me-thierry-dallet-avocat-au-barreau-des-deux-sevres-assigne-letat-en-justice-car-lun-de-ses-clients-attend-un-jugement-depuis-plus-de-huit-mois\/#breadcrumb","itemListElement":[{"@type":"ListItem","position":1,"name":"Accueil","item":"https:\/\/www.atlas-avocats.fr\/"},{"@type":"ListItem","position":2,"name":"Me Thierry Dallet, avocat au barreau des Deux-S\u00e8vres, assigne l\u2019\u00c9tat en justice."}]},{"@type":"WebSite","@id":"https:\/\/www.atlas-avocats.fr\/#website","url":"https:\/\/www.atlas-avocats.fr\/","name":"Atlas Avocats - Thouars - Deux S\u00e8vres","description":"Cabinet d&#039;avocats","publisher":{"@id":"https:\/\/www.atlas-avocats.fr\/#organization"},"potentialAction":[{"@type":"SearchAction","target":{"@type":"EntryPoint","urlTemplate":"https:\/\/www.atlas-avocats.fr\/?s={search_term_string}"},"query-input":{"@type":"PropertyValueSpecification","valueRequired":true,"valueName":"search_term_string"}}],"inLanguage":"fr-FR"},{"@type":"Organization","@id":"https:\/\/www.atlas-avocats.fr\/#organization","name":"Atlas Avocats - Thouars - Deux S\u00e8vres","url":"https:\/\/www.atlas-avocats.fr\/","logo":{"@type":"ImageObject","inLanguage":"fr-FR","@id":"https:\/\/www.atlas-avocats.fr\/#\/schema\/logo\/image\/","url":"https:\/\/www.atlas-avocats.fr\/wp-content\/uploads\/2026\/01\/logo-vertical-atlas_rvb.png","contentUrl":"https:\/\/www.atlas-avocats.fr\/wp-content\/uploads\/2026\/01\/logo-vertical-atlas_rvb.png","width":616,"height":851,"caption":"Atlas Avocats - Thouars - Deux S\u00e8vres"},"image":{"@id":"https:\/\/www.atlas-avocats.fr\/#\/schema\/logo\/image\/"}},{"@type":"Person","@id":"https:\/\/www.atlas-avocats.fr\/#\/schema\/person\/273547936af632a2bcf56ec46ec4210d","name":"Admin_ag","image":{"@type":"ImageObject","inLanguage":"fr-FR","@id":"https:\/\/www.atlas-avocats.fr\/#\/schema\/person\/image\/","url":"https:\/\/secure.gravatar.com\/avatar\/299deb2b5d26c46502f84e7304cc6a61a2858561931cdd6626dff616c7b75726?s=96&d=mm&r=g","contentUrl":"https:\/\/secure.gravatar.com\/avatar\/299deb2b5d26c46502f84e7304cc6a61a2858561931cdd6626dff616c7b75726?s=96&d=mm&r=g","caption":"Admin_ag"},"url":"https:\/\/www.atlas-avocats.fr\/index.php\/author\/admin_ag\/"}]}},"_links":{"self":[{"href":"https:\/\/www.atlas-avocats.fr\/index.php\/wp-json\/wp\/v2\/posts\/2537","targetHints":{"allow":["GET"]}}],"collection":[{"href":"https:\/\/www.atlas-avocats.fr\/index.php\/wp-json\/wp\/v2\/posts"}],"about":[{"href":"https:\/\/www.atlas-avocats.fr\/index.php\/wp-json\/wp\/v2\/types\/post"}],"author":[{"embeddable":true,"href":"https:\/\/www.atlas-avocats.fr\/index.php\/wp-json\/wp\/v2\/users\/1"}],"replies":[{"embeddable":true,"href":"https:\/\/www.atlas-avocats.fr\/index.php\/wp-json\/wp\/v2\/comments?post=2537"}],"version-history":[{"count":3,"href":"https:\/\/www.atlas-avocats.fr\/index.php\/wp-json\/wp\/v2\/posts\/2537\/revisions"}],"predecessor-version":[{"id":2559,"href":"https:\/\/www.atlas-avocats.fr\/index.php\/wp-json\/wp\/v2\/posts\/2537\/revisions\/2559"}],"wp:featuredmedia":[{"embeddable":true,"href":"https:\/\/www.atlas-avocats.fr\/index.php\/wp-json\/wp\/v2\/media\/2557"}],"wp:attachment":[{"href":"https:\/\/www.atlas-avocats.fr\/index.php\/wp-json\/wp\/v2\/media?parent=2537"}],"wp:term":[{"taxonomy":"category","embeddable":true,"href":"https:\/\/www.atlas-avocats.fr\/index.php\/wp-json\/wp\/v2\/categories?post=2537"},{"taxonomy":"post_tag","embeddable":true,"href":"https:\/\/www.atlas-avocats.fr\/index.php\/wp-json\/wp\/v2\/tags?post=2537"}],"curies":[{"name":"wp","href":"https:\/\/api.w.org\/{rel}","templated":true}]}}